{"id":6574,"date":"2026-01-10T12:33:36","date_gmt":"2026-01-10T11:33:36","guid":{"rendered":"https:\/\/afacanroca.org\/?p=6574"},"modified":"2026-01-22T12:50:29","modified_gmt":"2026-01-22T11:50:29","slug":"circular-assemblea-afa-escola-can-roca-09-01-2026","status":"publish","type":"post","link":"https:\/\/afacanroca.org\/index.php\/2026\/01\/10\/circular-assemblea-afa-escola-can-roca-09-01-2026\/","title":{"rendered":"Circular Assemblea AFA Escola Can Roca 09-01-2026"},"content":{"rendered":"<p>[et_pb_section fb_built=\u00bb1&#8243; admin_label=\u00bbFeature\u00bb _builder_version=\u00bb4.27.4&#8243; background_image=\u00bbhttp:\/\/afacanroca.org\/wp-content\/uploads\/2023\/05\/logo-afa-can-roca-980&#215;909-2.jpeg\u00bb parallax=\u00bbon\u00bb custom_padding=\u00bb0px|0px|0px|0px|false|false\u00bb hover_enabled=\u00bb0&#8243; locked=\u00bboff\u00bb global_colors_info=\u00bb{}\u00bb title_text=\u00bblogo-afa-can-roca-980&#215;909&#8243; max_width=\u00bb88%\u00bb width=\u00bb88%\u00bb min_height=\u00bb1000px\u00bb height=\u00bb1000px\u00bb max_height=\u00bb1000px\u00bb sticky_enabled=\u00bb0&#8243; custom_margin=\u00bb||-384px|||\u00bb][\/et_pb_section][et_pb_section fb_built=\u00bb1&#8243; admin_label=\u00bbPrograms\u00bb module_id=\u00bbcomissions\u00bb _builder_version=\u00bb4.16&#8243; background_size=\u00bbinitial\u00bb custom_padding=\u00bb54px|0px|54px|0px|true|false\u00bb locked=\u00bboff\u00bb global_colors_info=\u00bb{}\u00bb min_height=\u00bb1934.4px\u00bb][et_pb_row _builder_version=\u00bb4.16&#8243; global_colors_info=\u00bb{}\u00bb][et_pb_column type=\u00bb4_4&#8243; _builder_version=\u00bb4.16&#8243; background_color=\u00bbrgba(255,255,255,0.95)\u00bb background_image=\u00bbhttp:\/\/afacanroca.org\/wp-content\/uploads\/2020\/11\/shapes-bg-color.png\u00bb background_blend=\u00bboverlay\u00bb custom_padding=\u00bb|||\u00bb global_colors_info=\u00bb{}\u00bb custom_padding__hover=\u00bb|||\u00bb][et_pb_text _builder_version=\u00bb4.16&#8243; text_font=\u00bbRubik|500|||||||\u00bb text_font_size=\u00bb16px\u00bb text_line_height=\u00bb2em\u00bb header_font=\u00bb||||||||\u00bb header_2_font=\u00bbRubik|700|||||||\u00bb header_2_font_size=\u00bb40px\u00bb header_2_line_height=\u00bb1.4em\u00bb header_5_font=\u00bbRubik|700||on|||||\u00bb header_5_text_color=\u00bb#2b76df\u00bb header_5_letter_spacing=\u00bb5px\u00bb header_5_line_height=\u00bb1.5em\u00bb text_orientation=\u00bbcenter\u00bb max_width=\u00bb967px\u00bb module_alignment=\u00bbcenter\u00bb custom_margin=\u00bb|114px||||\u00bb custom_margin_tablet=\u00bb0px|||\u00bb custom_margin_last_edited=\u00bboff|desktop\u00bb text_line_height_last_edited=\u00bboff|desktop\u00bb header_2_font_size_tablet=\u00bb\u00bb header_2_font_size_phone=\u00bb30px\u00bb header_2_font_size_last_edited=\u00bbon|phone\u00bb global_colors_info=\u00bb{}\u00bb]<\/p>\n<h2 class=\"tax-title\" style=\"text-align: left;\">Assemblea AFA de l&#8217;escola Can Roca 09-01-2026<\/h2>\n<p class=\"tax-title\" style=\"text-align: left;\">Estimades fam\u00edlies, Divendres dia 9 es va celebrar l&#8217;assemblea ordin\u00e0ria de l&#8217;AFA, amb l&#8217;ordre del dia que pr\u00e8viament s&#8217;havia comunicat.<\/p>\n<p class=\"tax-title\" style=\"text-align: left;\"><span>En l&#8217; assemblea de la <\/span><span>AFA<\/span><span>\u00a0es va realitzar una presentaci\u00f3 en la qual es va explicar de forma detallada el treball que duu a terme l&#8217;associaci\u00f3 al llarg dels \u00faltims cursos. En ella es van compartir les activitats i projectes que impulsa la\u00a0<\/span><span>AFA<\/span><span>, l&#8217;estat actual dels comptes, les inversions realitzades i previstes, aix\u00ed com la gesti\u00f3 econ\u00f2mica general.<\/span><\/p>\n<p class=\"tax-title\" style=\"text-align: left;\"><span>Aix\u00ed mateix, es va presentar la nova junta de la\u00a0<\/span><span>AFA<\/span><span>, informant de les persones que finalitzen la seva etapa (a les quals agra\u00efm infinitament la seva incre\u00efble dedicaci\u00f3) i dels nous nomenaments per a continuar treballant pel benestar dels nostres nens i nenes i de tota la comunitat educativa.<\/span><\/p>\n<p class=\"tax-title\" style=\"text-align: left;\"><span>Volem aprofitar aquest espai per a animar a les fam\u00edlies a participar i col\u00b7laborar amb la\u00a0<\/span><span>AFA<\/span><span>.<\/span><\/p>\n<p style=\"text-align: left;\"><span> L&#8217;associaci\u00f3 t\u00e9 un paper fonamental en el dia a dia de l&#8217;escola i en la millora de moltes iniciatives que repercuteixen directament en l&#8217;alumnat. Per a poder continuar fent una bona feina i oferir el millor als nens i nenes, \u00e9s molt important comptar amb m\u00e9s persones implicades, ja sigui de manera puntual o continuada.<\/span><\/p>\n<p style=\"text-align: left;\"><span>Si us animeu a participar i col\u00b7laborar amb la\u00a0AFA, podeu enviar-nos un mail a <a href=\"ampa.canroca@gmail.com\">ampa.canroca@gmail.com<\/a>.<\/span><\/p>\n<p style=\"text-align: left;\">Qualsevol ajuda, per petita que sigui, suma, i entre tots i totes continuem construint una escola millor.<\/p>\n<p style=\"text-align: left;\"><span>Entre tots i totes podem continuar construint una escola millor.<\/span><\/p>\n<p style=\"text-align: left;\"><span>Moltes gr\u00e0cies pel vostre suport i col\u00b7laboraci\u00f3.<\/span><\/p>\n<p class=\"tax-title\" style=\"text-align: left;\">\n<p>[\/et_pb_text][et_pb_button button_url=\u00bbhttp:\/\/afacanroca.org\/wp-content\/uploads\/2026\/01\/ASAMBLEA-GRAL-SOCIOS-9_01_26_v2_compressed_260112_171447-1.pdf\u00bb button_text=\u00bbMem\u00f2ria 2024-2025&#8243; button_alignment=\u00bbcenter\u00bb _builder_version=\u00bb4.27.4&#8243; _module_preset=\u00bbdefault\u00bb custom_button=\u00bbon\u00bb button_text_color=\u00bb#ffffff\u00bb button_bg_color=\u00bb#0c71c3&#8243; button_border_width=\u00bb0px\u00bb button_border_radius=\u00bb50px\u00bb button_icon=\u00bb&#x24;||divi||400&#8243; global_colors_info=\u00bb{}\u00bb][\/et_pb_button][\/et_pb_column][\/et_pb_row][et_pb_row _builder_version=\u00bb4.16&#8243; global_colors_info=\u00bb{}\u00bb][et_pb_column type=\u00bb4_4&#8243; _builder_version=\u00bb4.16&#8243; background_color=\u00bbrgba(255,255,255,0.95)\u00bb background_image=\u00bbhttp:\/\/afacanroca.org\/wp-content\/uploads\/2020\/11\/shapes-bg-color.png\u00bb background_blend=\u00bboverlay\u00bb custom_padding=\u00bb|||\u00bb global_colors_info=\u00bb{}\u00bb custom_padding__hover=\u00bb|||\u00bb][et_pb_text _builder_version=\u00bb4.16&#8243; text_font=\u00bbRubik|500|||||||\u00bb text_font_size=\u00bb16px\u00bb text_line_height=\u00bb2em\u00bb header_font=\u00bb||||||||\u00bb header_2_font=\u00bbRubik|700|||||||\u00bb header_2_font_size=\u00bb40px\u00bb header_2_line_height=\u00bb1.4em\u00bb header_5_font=\u00bbRubik|700||on|||||\u00bb header_5_text_color=\u00bb#2b76df\u00bb header_5_letter_spacing=\u00bb5px\u00bb header_5_line_height=\u00bb1.5em\u00bb text_orientation=\u00bbcenter\u00bb max_width=\u00bb967px\u00bb module_alignment=\u00bbcenter\u00bb custom_margin=\u00bb|114px||||\u00bb custom_margin_tablet=\u00bb0px|||\u00bb custom_margin_last_edited=\u00bboff|desktop\u00bb text_line_height_last_edited=\u00bboff|desktop\u00bb header_2_font_size_tablet=\u00bb\u00bb header_2_font_size_phone=\u00bb30px\u00bb header_2_font_size_last_edited=\u00bbon|phone\u00bb global_colors_info=\u00bb{}\u00bb]<\/p>\n<h2 class=\"tax-title\">Asamblea AFA de la escuela Can Roca 09-01-2026<\/h2>\n<p style=\"text-align: justify;\">Estimadas familias, el Viernes d\u00eda 9 se celebr\u00f3 la asamblea ordinaria de la AFA, con el orden del d\u00eda que previamente se hab\u00eda comunicado.<\/p>\n<p style=\"text-align: justify;\">En la asamblea de la AFA se realiz\u00f3 una presentaci\u00f3n en la cual se explic\u00f3 de forma detallada el trabajo que lleva a cabo la asociaci\u00f3n a lo largo de los \u00faltimos cursos. En ella se compartieron las actividades y proyectos que impulsa la AFA, el estado actual de las cuentas, las inversiones realizadas y previstas, as\u00ed como la gesti\u00f3n econ\u00f3mica general.<\/p>\n<p style=\"text-align: justify;\">As\u00ed mismo, se present\u00f3 la nueva junta de la AFA, informando de las personas que finalizan su etapa (a las cuales agradecemos infinitamente su incre\u00edble dedicaci\u00f3n) y de los nuevos nombramientos para continuar trabajando por el bienestar de nuestros ni\u00f1os y ni\u00f1as y de toda la comunidad educativa.<\/p>\n<p style=\"text-align: justify;\">Queremos aprovechar este espacio para animar a las familias a participar y colaborar con la\u00a0*AFA.<\/p>\n<p style=\"text-align: justify;\">La asociaci\u00f3n tiene un papel fundamental en el d\u00eda a d\u00eda de la escuela y en la mejora de muchas iniciativas que repercuten directamente en el alumnado. Para poder continuar haciendo un buen trabajo y ofrecer el mejor a los ni\u00f1os y ni\u00f1as, es muy importante contar con m\u00e1s personas implicadas, ya sea de manera puntual o continuada.<\/p>\n<p style=\"text-align: justify;\">Si os anim\u00e1is a participar y colaborar con la AFA, pod\u00e9is enviarnos un mail a <a href=\"ampa.canroca@gmail.com\">ampa.canroca@gmail.com<\/a>.<\/p>\n<p style=\"text-align: justify;\">Cualquier ayuda, por peque\u00f1a que sea, suma, y entre todos y todas continuamos construyendo una escuela mejor.<\/p>\n<p style=\"text-align: justify;\">Entre todos y todas podemos continuar construyendo una escuela mejor.<\/p>\n<p style=\"text-align: justify;\">Muchas gracias por vuestro apoyo y colaboraci\u00f3n.<\/p>\n<p>[\/et_pb_text][et_pb_button button_url=\u00bbhttp:\/\/afacanroca.org\/wp-content\/uploads\/2026\/01\/ASAMBLEA-GRAL-SOCIOS-9_01_26_v2_compressed_260112_171447-1.pdf\u00bb button_text=\u00bbMemoria 2024-2025&#8243; button_alignment=\u00bbcenter\u00bb _builder_version=\u00bb4.27.4&#8243; _module_preset=\u00bbdefault\u00bb custom_button=\u00bbon\u00bb button_text_color=\u00bb#ffffff\u00bb button_bg_color=\u00bb#0c71c3&#8243; button_border_width=\u00bb0px\u00bb button_border_radius=\u00bb50px\u00bb button_icon=\u00bb&#x24;||divi||400&#8243; global_colors_info=\u00bb{}\u00bb][\/et_pb_button][\/et_pb_column][\/et_pb_row][\/et_pb_section]<\/p>\n","protected":false},"excerpt":{"rendered":"<p>Assemblea AFA de l&#8217;escola Can Roca 09-01-2026 Estimades fam\u00edlies, Divendres dia 9 es va celebrar l&#8217;assemblea ordin\u00e0ria de l&#8217;AFA, amb l&#8217;ordre del dia que pr\u00e8viament s&#8217;havia comunicat. En l&#8217; assemblea de la AFA\u00a0es va realitzar una presentaci\u00f3 en la qual es va explicar de forma detallada el treball que duu a terme l&#8217;associaci\u00f3 al llarg [&hellip;]<\/p>\n","protected":false},"author":2,"featured_media":0,"comment_status":"closed","ping_status":"open","sticky":false,"template":"","format":"standard","meta":{"_et_pb_use_builder":"on","_et_pb_old_content":"","_et_gb_content_width":"","footnotes":""},"categories":[21],"tags":[],"class_list":["post-6574","post","type-post","status-publish","format-standard","hentry","category-circulars"],"yoast_head":"<!-- This site is optimized with the Yoast SEO plugin v25.4 - https:\/\/yoast.com\/wordpress\/plugins\/seo\/ -->\n<title>Circular Assemblea AFA Escola Can Roca 09-01-2026 - AFA Escola Can Roca<\/title>\n<meta name=\"robots\" content=\"index, follow, max-snippet:-1, max-image-preview:large, max-video-preview:-1\" \/>\n<link rel=\"canonical\" href=\"https:\/\/afacanroca.org\/index.php\/2026\/01\/10\/circular-assemblea-afa-escola-can-roca-09-01-2026\/\" \/>\n<meta property=\"og:locale\" content=\"es_ES\" \/>\n<meta property=\"og:type\" content=\"article\" \/>\n<meta property=\"og:title\" content=\"Circular Assemblea AFA Escola Can Roca 09-01-2026 - AFA Escola Can Roca\" \/>\n<meta property=\"og:description\" content=\"Assemblea AFA de l&#039;escola Can Roca 09-01-2026 Estimades fam\u00edlies, Divendres dia 9 es va celebrar l&#039;assemblea ordin\u00e0ria de l&#039;AFA, amb l&#039;ordre del dia que pr\u00e8viament s&#039;havia comunicat. En l&#039; assemblea de la AFA\u00a0es va realitzar una presentaci\u00f3 en la qual es va explicar de forma detallada el treball que duu a terme l&#039;associaci\u00f3 al llarg [&hellip;]\" \/>\n<meta property=\"og:url\" content=\"https:\/\/afacanroca.org\/index.php\/2026\/01\/10\/circular-assemblea-afa-escola-can-roca-09-01-2026\/\" \/>\n<meta property=\"og:site_name\" content=\"AFA Escola Can Roca\" \/>\n<meta property=\"article:published_time\" content=\"2026-01-10T11:33:36+00:00\" \/>\n<meta property=\"article:modified_time\" content=\"2026-01-22T11:50:29+00:00\" \/>\n<meta name=\"author\" content=\"Isa Villanueva\" \/>\n<meta name=\"twitter:card\" content=\"summary_large_image\" \/>\n<meta name=\"twitter:label1\" content=\"Escrito por\" \/>\n\t<meta name=\"twitter:data1\" content=\"Isa Villanueva\" \/>\n\t<meta name=\"twitter:label2\" content=\"Tiempo de lectura\" \/>\n\t<meta name=\"twitter:data2\" content=\"5 minutos\" \/>\n<script type=\"application\/ld+json\" class=\"yoast-schema-graph\">{\"@context\":\"https:\/\/schema.org\",\"@graph\":[{\"@type\":\"WebPage\",\"@id\":\"https:\/\/afacanroca.org\/index.php\/2026\/01\/10\/circular-assemblea-afa-escola-can-roca-09-01-2026\/\",\"url\":\"https:\/\/afacanroca.org\/index.php\/2026\/01\/10\/circular-assemblea-afa-escola-can-roca-09-01-2026\/\",\"name\":\"Circular Assemblea AFA Escola Can Roca 09-01-2026 - AFA Escola Can Roca\",\"isPartOf\":{\"@id\":\"https:\/\/afacanroca.org\/#website\"},\"datePublished\":\"2026-01-10T11:33:36+00:00\",\"dateModified\":\"2026-01-22T11:50:29+00:00\",\"author\":{\"@id\":\"https:\/\/afacanroca.org\/#\/schema\/person\/9f617fab97bf66805a640202260f06a5\"},\"breadcrumb\":{\"@id\":\"https:\/\/afacanroca.org\/index.php\/2026\/01\/10\/circular-assemblea-afa-escola-can-roca-09-01-2026\/#breadcrumb\"},\"inLanguage\":\"es\",\"potentialAction\":[{\"@type\":\"ReadAction\",\"target\":[\"https:\/\/afacanroca.org\/index.php\/2026\/01\/10\/circular-assemblea-afa-escola-can-roca-09-01-2026\/\"]}]},{\"@type\":\"BreadcrumbList\",\"@id\":\"https:\/\/afacanroca.org\/index.php\/2026\/01\/10\/circular-assemblea-afa-escola-can-roca-09-01-2026\/#breadcrumb\",\"itemListElement\":[{\"@type\":\"ListItem\",\"position\":1,\"name\":\"Portada\",\"item\":\"https:\/\/afacanroca.org\/\"},{\"@type\":\"ListItem\",\"position\":2,\"name\":\"Circular Assemblea AFA Escola Can Roca 09-01-2026\"}]},{\"@type\":\"WebSite\",\"@id\":\"https:\/\/afacanroca.org\/#website\",\"url\":\"https:\/\/afacanroca.org\/\",\"name\":\"AFA Escola Can Roca\",\"description\":\"Web AFA Escola Can Roca de Castelldefels\",\"potentialAction\":[{\"@type\":\"SearchAction\",\"target\":{\"@type\":\"EntryPoint\",\"urlTemplate\":\"https:\/\/afacanroca.org\/?s={search_term_string}\"},\"query-input\":{\"@type\":\"PropertyValueSpecification\",\"valueRequired\":true,\"valueName\":\"search_term_string\"}}],\"inLanguage\":\"es\"},{\"@type\":\"Person\",\"@id\":\"https:\/\/afacanroca.org\/#\/schema\/person\/9f617fab97bf66805a640202260f06a5\",\"name\":\"Isa Villanueva\",\"image\":{\"@type\":\"ImageObject\",\"inLanguage\":\"es\",\"@id\":\"https:\/\/afacanroca.org\/#\/schema\/person\/image\/\",\"url\":\"https:\/\/secure.gravatar.com\/avatar\/8c5ea2e8e7cae993d438d4cd8347e49e33dae0d3d93c99d3aad16f5cb271b05c?s=96&d=mm&r=g\",\"contentUrl\":\"https:\/\/secure.gravatar.com\/avatar\/8c5ea2e8e7cae993d438d4cd8347e49e33dae0d3d93c99d3aad16f5cb271b05c?s=96&d=mm&r=g\",\"caption\":\"Isa Villanueva\"},\"url\":\"https:\/\/afacanroca.org\/index.php\/author\/afacanroca1\/\"}]}<\/script>\n<!-- \/ Yoast SEO plugin. -->","yoast_head_json":{"title":"Circular Assemblea AFA Escola Can Roca 09-01-2026 - AFA Escola Can Roca","robots":{"index":"index","follow":"follow","max-snippet":"max-snippet:-1","max-image-preview":"max-image-preview:large","max-video-preview":"max-video-preview:-1"},"canonical":"https:\/\/afacanroca.org\/index.php\/2026\/01\/10\/circular-assemblea-afa-escola-can-roca-09-01-2026\/","og_locale":"es_ES","og_type":"article","og_title":"Circular Assemblea AFA Escola Can Roca 09-01-2026 - AFA Escola Can Roca","og_description":"Assemblea AFA de l'escola Can Roca 09-01-2026 Estimades fam\u00edlies, Divendres dia 9 es va celebrar l'assemblea ordin\u00e0ria de l'AFA, amb l'ordre del dia que pr\u00e8viament s'havia comunicat. En l' assemblea de la AFA\u00a0es va realitzar una presentaci\u00f3 en la qual es va explicar de forma detallada el treball que duu a terme l'associaci\u00f3 al llarg [&hellip;]","og_url":"https:\/\/afacanroca.org\/index.php\/2026\/01\/10\/circular-assemblea-afa-escola-can-roca-09-01-2026\/","og_site_name":"AFA Escola Can Roca","article_published_time":"2026-01-10T11:33:36+00:00","article_modified_time":"2026-01-22T11:50:29+00:00","author":"Isa Villanueva","twitter_card":"summary_large_image","twitter_misc":{"Escrito por":"Isa Villanueva","Tiempo de lectura":"5 minutos"},"schema":{"@context":"https:\/\/schema.org","@graph":[{"@type":"WebPage","@id":"https:\/\/afacanroca.org\/index.php\/2026\/01\/10\/circular-assemblea-afa-escola-can-roca-09-01-2026\/","url":"https:\/\/afacanroca.org\/index.php\/2026\/01\/10\/circular-assemblea-afa-escola-can-roca-09-01-2026\/","name":"Circular Assemblea AFA Escola Can Roca 09-01-2026 - AFA Escola Can Roca","isPartOf":{"@id":"https:\/\/afacanroca.org\/#website"},"datePublished":"2026-01-10T11:33:36+00:00","dateModified":"2026-01-22T11:50:29+00:00","author":{"@id":"https:\/\/afacanroca.org\/#\/schema\/person\/9f617fab97bf66805a640202260f06a5"},"breadcrumb":{"@id":"https:\/\/afacanroca.org\/index.php\/2026\/01\/10\/circular-assemblea-afa-escola-can-roca-09-01-2026\/#breadcrumb"},"inLanguage":"es","potentialAction":[{"@type":"ReadAction","target":["https:\/\/afacanroca.org\/index.php\/2026\/01\/10\/circular-assemblea-afa-escola-can-roca-09-01-2026\/"]}]},{"@type":"BreadcrumbList","@id":"https:\/\/afacanroca.org\/index.php\/2026\/01\/10\/circular-assemblea-afa-escola-can-roca-09-01-2026\/#breadcrumb","itemListElement":[{"@type":"ListItem","position":1,"name":"Portada","item":"https:\/\/afacanroca.org\/"},{"@type":"ListItem","position":2,"name":"Circular Assemblea AFA Escola Can Roca 09-01-2026"}]},{"@type":"WebSite","@id":"https:\/\/afacanroca.org\/#website","url":"https:\/\/afacanroca.org\/","name":"AFA Escola Can Roca","description":"Web AFA Escola Can Roca de Castelldefels","potentialAction":[{"@type":"SearchAction","target":{"@type":"EntryPoint","urlTemplate":"https:\/\/afacanroca.org\/?s={search_term_string}"},"query-input":{"@type":"PropertyValueSpecification","valueRequired":true,"valueName":"search_term_string"}}],"inLanguage":"es"},{"@type":"Person","@id":"https:\/\/afacanroca.org\/#\/schema\/person\/9f617fab97bf66805a640202260f06a5","name":"Isa Villanueva","image":{"@type":"ImageObject","inLanguage":"es","@id":"https:\/\/afacanroca.org\/#\/schema\/person\/image\/","url":"https:\/\/secure.gravatar.com\/avatar\/8c5ea2e8e7cae993d438d4cd8347e49e33dae0d3d93c99d3aad16f5cb271b05c?s=96&d=mm&r=g","contentUrl":"https:\/\/secure.gravatar.com\/avatar\/8c5ea2e8e7cae993d438d4cd8347e49e33dae0d3d93c99d3aad16f5cb271b05c?s=96&d=mm&r=g","caption":"Isa Villanueva"},"url":"https:\/\/afacanroca.org\/index.php\/author\/afacanroca1\/"}]}},"_links":{"self":[{"href":"https:\/\/afacanroca.org\/index.php\/wp-json\/wp\/v2\/posts\/6574","targetHints":{"allow":["GET"]}}],"collection":[{"href":"https:\/\/afacanroca.org\/index.php\/wp-json\/wp\/v2\/posts"}],"about":[{"href":"https:\/\/afacanroca.org\/index.php\/wp-json\/wp\/v2\/types\/post"}],"author":[{"embeddable":true,"href":"https:\/\/afacanroca.org\/index.php\/wp-json\/wp\/v2\/users\/2"}],"replies":[{"embeddable":true,"href":"https:\/\/afacanroca.org\/index.php\/wp-json\/wp\/v2\/comments?post=6574"}],"version-history":[{"count":7,"href":"https:\/\/afacanroca.org\/index.php\/wp-json\/wp\/v2\/posts\/6574\/revisions"}],"predecessor-version":[{"id":6587,"href":"https:\/\/afacanroca.org\/index.php\/wp-json\/wp\/v2\/posts\/6574\/revisions\/6587"}],"wp:attachment":[{"href":"https:\/\/afacanroca.org\/index.php\/wp-json\/wp\/v2\/media?parent=6574"}],"wp:term":[{"taxonomy":"category","embeddable":true,"href":"https:\/\/afacanroca.org\/index.php\/wp-json\/wp\/v2\/categories?post=6574"},{"taxonomy":"post_tag","embeddable":true,"href":"https:\/\/afacanroca.org\/index.php\/wp-json\/wp\/v2\/tags?post=6574"}],"curies":[{"name":"wp","href":"https:\/\/api.w.org\/{rel}","templated":true}]}}